{"id":2469,"date":"2022-06-21T18:26:54","date_gmt":"2022-06-21T18:26:54","guid":{"rendered":"https:\/\/trca.ch\/?p=2469"},"modified":"2022-09-27T18:29:58","modified_gmt":"2022-09-27T18:29:58","slug":"trca-assemblee-generale-2022","status":"publish","type":"post","link":"https:\/\/trca.ch\/fr\/trca-assemblee-generale-2022\/","title":{"rendered":"TRCA Assembl\u00e9e g\u00e9n\u00e9rale 2022"},"content":{"rendered":"<div class=\"fusion-fullwidth fullwidth-box fusion-builder-row-1 fusion-flex-container nonhundred-percent-fullwidth non-hundred-percent-height-scrolling\" style=\"--awb-border-radius-top-left:0px;--awb-border-radius-top-right:0px;--awb-border-radius-bottom-right:0px;--awb-border-radius-bottom-left:0px;--awb-flex-wrap:wrap;\" ><div class=\"fusion-builder-row fusion-row fusion-flex-align-items-flex-start fusion-flex-content-wrap\" style=\"max-width:calc( 1200px + );margin-left: calc(- \/ 2 );margin-right: calc(- \/ 2 );\"><div class=\"fusion-layout-column fusion_builder_column fusion-builder-column-0 fusion_builder_column_1_1 1_1 fusion-flex-column\" style=\"--awb-bg-blend:overlay;--awb-bg-size:cover;--awb-width-large:100%;--awb-margin-top-large:0px;--awb-margin-bottom-large:0px;--awb-width-medium:100%;--awb-width-small:100%;\"><div class=\"fusion-column-wrapper fusion-flex-justify-content-flex-start fusion-content-layout-column\"><div class=\"fusion-text fusion-text-1\"><p>La premi\u00e8re assembl\u00e9e g\u00e9n\u00e9rale ordinaire de notre association a eu lieu le 21 juin \u00e0 la Maison du Sport de Swiss Olympic. L&rsquo;AG s&rsquo;est d\u00e9roul\u00e9e de mani\u00e8re duale, ce qui a permis une participation physique et num\u00e9rique.<\/p>\n<p>Lors de l&rsquo;AG formelle, le rapport annuel du pr\u00e9sident a \u00e9t\u00e9 lu et approuv\u00e9, les comptes annuels et le budget ont \u00e9t\u00e9 approuv\u00e9s et le comit\u00e9 directeur a \u00e9t\u00e9 confirm\u00e9.<\/p>\n<\/div><div class=\"fusion-video fusion-selfhosted-video\" style=\"max-width:1200;\"><div class=\"video-wrapper\"><video playsinline=\"true\" width=\"100%\" style=\"object-fit: cover;\" poster=\"https:\/\/trca.ch\/wp-content\/uploads\/2022\/07\/TRCA-2022-HV.jpg\" preload=\"auto\" controls=\"1\"><source src=\"https:\/\/trca.ch\/wp-content\/uploads\/2022\/07\/Hauptversammlung_TRCA-2022-06-21.mp4\" type=\"video\/mp4\">Sorry, your browser doesn&#039;t support embedded videos.<\/video><\/div><\/div><div class=\"fusion-text fusion-text-2\"><p><a class=\"fusion-no-lightbox\" href=\"https:\/\/trca.ch\/wp-content\/uploads\/2022\/06\/TRCA-Jahresbericht-des-Praesidenten-2021.pdf\" target=\"_blank\" rel=\"noopener\"><img decoding=\"async\" class=\"alignnone size-full wp-image-2178\" src=\"https:\/\/trca.ch\/wp-content\/uploads\/2022\/06\/adobe-pdf-icon-1.png\" alt=\"\" width=\"30\" height=\"30\" \/> Jahresbericht des TRCA Pr\u00e4sidenten<\/a> <span dir=\"ltr\" role=\"presentation\">Michel Kratochvil<\/span><\/p>\n<\/div><div class=\"fusion-text fusion-text-3\"><p>A l&rsquo;issue de l&rsquo;assembl\u00e9e g\u00e9n\u00e9rale ordinaire, Arnau Barrera Cot, directeur de PDL Center, a fait un expos\u00e9 sur le padel en Suisse, et Philip Lerbscher sur les infrastructures\/le d\u00e9veloppement durable.<\/p>\n<\/div><div class=\"fusion-video fusion-selfhosted-video\" style=\"max-width:100%;\"><div class=\"video-wrapper\"><video playsinline=\"true\" width=\"100%\" style=\"object-fit: cover;\" poster=\"https:\/\/trca.ch\/wp-content\/uploads\/2022\/07\/TRCA-Padel-HV-2022.jpg\" preload=\"auto\" controls=\"1\"><source src=\"https:\/\/trca.ch\/wp-content\/uploads\/2022\/07\/HV_TRCA-2022-06-21_Padel.mp4\" type=\"video\/mp4\">Sorry, your browser doesn&#039;t support embedded videos.<\/video><\/div><\/div><div class=\"fusion-text fusion-text-4\"><p><a class=\"fusion-no-lightbox\" href=\"https:\/\/trca.ch\/wp-content\/uploads\/2022\/06\/Vortrag_Padel_engl.pdf\" target=\"_blank\" rel=\"noopener\"><img decoding=\"async\" class=\"alignnone size-full wp-image-2178\" src=\"https:\/\/trca.ch\/wp-content\/uploads\/2022\/06\/adobe-pdf-icon-1.png\" alt=\"\" width=\"30\" height=\"30\" \/> Pr\u00e4sentation \u00ab\u00a0The future is Padel\u00a0\u00bb<\/a> von Arnau Barrera Cot, Gesch\u00e4ftsf\u00fchrer der PDL Center.<\/p>\n<\/div><div class=\"fusion-video fusion-selfhosted-video\" style=\"max-width:100%;\"><div class=\"video-wrapper\"><video playsinline=\"true\" width=\"100%\" style=\"object-fit: cover;\" poster=\"https:\/\/trca.ch\/wp-content\/uploads\/2022\/07\/TRCA-Energiewende-HV-2022.jpg\" preload=\"auto\" controls=\"1\"><source src=\"https:\/\/trca.ch\/wp-content\/uploads\/2022\/07\/HV_TRCA-2022-06-21_Infrastruktur.mp4\" type=\"video\/mp4\">Sorry, your browser doesn&#039;t support embedded videos.<\/video><\/div><\/div><div class=\"fusion-text fusion-text-5\"><p><a href=\"https:\/\/trca.ch\/wp-content\/uploads\/2022\/06\/Referat_Projekt_Energiewende-P.pdf\" target=\"_blank\" rel=\"noopener\"><img decoding=\"async\" class=\"alignnone wp-image-2177\" src=\"https:\/\/trca.ch\/wp-content\/uploads\/2022\/06\/adobe-pdf-icon.png\" alt=\"\" width=\"30\" height=\"30\" \/> Pr\u00e4sentation \u00ab\u00a0Infrastruktur \/ Nachhaltigkeit\u00a0\u00bb<\/a> von Philip Lerbscher<\/p>\n<hr \/>\n<\/div><\/div><\/div><\/div><\/div>\n","protected":false},"excerpt":{"rendered":"","protected":false},"author":1,"featured_media":2325,"comment_status":"open","ping_status":"open","sticky":false,"template":"","format":"standard","meta":{"footnotes":""},"categories":[18],"tags":[],"class_list":["post-2469","post","type-post","status-publish","format-standard","has-post-thumbnail","hentry","category-non-classifiee"],"_links":{"self":[{"href":"https:\/\/trca.ch\/fr\/wp-json\/wp\/v2\/posts\/2469","targetHints":{"allow":["GET"]}}],"collection":[{"href":"https:\/\/trca.ch\/fr\/wp-json\/wp\/v2\/posts"}],"about":[{"href":"https:\/\/trca.ch\/fr\/wp-json\/wp\/v2\/types\/post"}],"author":[{"embeddable":true,"href":"https:\/\/trca.ch\/fr\/wp-json\/wp\/v2\/users\/1"}],"replies":[{"embeddable":true,"href":"https:\/\/trca.ch\/fr\/wp-json\/wp\/v2\/comments?post=2469"}],"version-history":[{"count":4,"href":"https:\/\/trca.ch\/fr\/wp-json\/wp\/v2\/posts\/2469\/revisions"}],"predecessor-version":[{"id":2473,"href":"https:\/\/trca.ch\/fr\/wp-json\/wp\/v2\/posts\/2469\/revisions\/2473"}],"wp:featuredmedia":[{"embeddable":true,"href":"https:\/\/trca.ch\/fr\/wp-json\/wp\/v2\/media\/2325"}],"wp:attachment":[{"href":"https:\/\/trca.ch\/fr\/wp-json\/wp\/v2\/media?parent=2469"}],"wp:term":[{"taxonomy":"category","embeddable":true,"href":"https:\/\/trca.ch\/fr\/wp-json\/wp\/v2\/categories?post=2469"},{"taxonomy":"post_tag","embeddable":true,"href":"https:\/\/trca.ch\/fr\/wp-json\/wp\/v2\/tags?post=2469"}],"curies":[{"name":"wp","href":"https:\/\/api.w.org\/{rel}","templated":true}]}}